{"id":8481,"date":"2023-11-02T23:19:00","date_gmt":"2023-11-02T22:19:00","guid":{"rendered":"https:\/\/interterra.es\/grupo-medina-aplaude-el-reconocimiento-a-acesur-en-el-premio-innovacion-agroalimentaria\/"},"modified":"2024-10-07T09:03:26","modified_gmt":"2024-10-07T08:03:26","slug":"grupo-medina-aplaude-el-reconocimiento-a-acesur-en-el-premio-innovacion-agroalimentaria","status":"publish","type":"post","link":"https:\/\/interterra.es\/en\/grupo-medina-aplaude-el-reconocimiento-a-acesur-en-el-premio-innovacion-agroalimentaria\/","title":{"rendered":"Grupo Medina hails the Recognition of Acesur in the Agri-Food Innovation Award"},"content":{"rendered":"\t\t<div data-elementor-type=\"wp-post\" data-elementor-id=\"8481\" class=\"elementor elementor-8481 elementor-7649\">\n\t\t\t\t<div class=\"elementor-element elementor-element-96f7848 e-flex e-con-boxed e-con e-parent\" data-id=\"96f7848\" data-element_type=\"container\">\n\t\t\t\t\t<div class=\"e-con-inner\">\n\t\t\t\t<div class=\"elementor-element elementor-element-4c33b462 elementor-widget elementor-widget-text-editor\" data-id=\"4c33b462\" data-element_type=\"widget\" data-widget_type=\"text-editor.default\">\n\t\t\t\t<div class=\"elementor-widget-container\">\n\t\t\t<style>\/*! elementor - v3.21.0 - 08-05-2024 *\/\n.elementor-widget-text-editor.elementor-drop-cap-view-stacked .elementor-drop-cap{background-color:#69727d;color:#fff}.elementor-widget-text-editor.elementor-drop-cap-view-framed .elementor-drop-cap{color:#69727d;border:3px solid;background-color:transparent}.elementor-widget-text-editor:not(.elementor-drop-cap-view-default) .elementor-drop-cap{margin-top:8px}.elementor-widget-text-editor:not(.elementor-drop-cap-view-default) .elementor-drop-cap-letter{width:1em;height:1em}.elementor-widget-text-editor .elementor-drop-cap{float:left;text-align:center;line-height:1;font-size:50px}.elementor-widget-text-editor .elementor-drop-cap-letter{display:inline-block}<\/style>\t\t\t\t<p>Grupo Medina&#8217;s fruits were present at the 9th edition of the AGRO-FOOD INNOVATION AWARD OF BANCO SANTANDER AND GRUPO JOLY which was presented to Mr. Juan Ram\u00f3n Guill\u00e9n, founder of Acesur.<\/p>\t\t\t\t\t\t<\/div>\n\t\t\t\t<\/div>\n\t\t\t\t\t<\/div>\n\t\t\t\t<\/div>\n\t\t<div class=\"elementor-element elementor-element-25c3d33 e-flex e-con-boxed e-con e-parent\" data-id=\"25c3d33\" data-element_type=\"container\">\n\t\t\t\t\t<div class=\"e-con-inner\">\n\t\t<div class=\"elementor-element elementor-element-7d85fc0 e-con-full e-flex e-con e-child\" data-id=\"7d85fc0\" data-element_type=\"container\">\n\t\t\t\t<div class=\"elementor-element elementor-element-384eb85 elementor-widget elementor-widget-image\" data-id=\"384eb85\" data-element_type=\"widget\" data-widget_type=\"image.default\">\n\t\t\t\t<div class=\"elementor-widget-container\">\n\t\t\t<style>\/*! elementor - v3.21.0 - 08-05-2024 *\/\n.elementor-widget-image{text-align:center}.elementor-widget-image a{display:inline-block}.elementor-widget-image a img[src$=\".svg\"]{width:48px}.elementor-widget-image img{vertical-align:middle;display:inline-block}<\/style>\t\t\t\t\t\t\t\t\t\t<img fetchpriority=\"high\" decoding=\"async\" width=\"850\" height=\"478\" src=\"https:\/\/interterra.es\/wp-content\/uploads\/2023\/11\/c9d830ce-900b-4bd0-868f-78536bc8783f_16-9-aspect-ratio_850w_0.webp\" class=\"attachment-large size-large wp-image-8416\" alt=\"\" srcset=\"https:\/\/interterra.es\/wp-content\/uploads\/2023\/11\/c9d830ce-900b-4bd0-868f-78536bc8783f_16-9-aspect-ratio_850w_0.webp 850w, https:\/\/interterra.es\/wp-content\/uploads\/2023\/11\/c9d830ce-900b-4bd0-868f-78536bc8783f_16-9-aspect-ratio_850w_0-300x169.webp 300w, https:\/\/interterra.es\/wp-content\/uploads\/2023\/11\/c9d830ce-900b-4bd0-868f-78536bc8783f_16-9-aspect-ratio_850w_0-768x432.webp 768w, https:\/\/interterra.es\/wp-content\/uploads\/2023\/11\/c9d830ce-900b-4bd0-868f-78536bc8783f_16-9-aspect-ratio_850w_0-600x337.webp 600w\" sizes=\"(max-width: 850px) 100vw, 850px\" \/>\t\t\t\t\t\t\t\t\t\t\t\t\t<\/div>\n\t\t\t\t<\/div>\n\t\t\t\t<div class=\"elementor-element elementor-element-e41d5ca elementor-widget elementor-widget-image\" data-id=\"e41d5ca\" data-element_type=\"widget\" data-widget_type=\"image.default\">\n\t\t\t\t<div class=\"elementor-widget-container\">\n\t\t\t\t\t\t\t\t\t\t\t\t\t<img decoding=\"async\" width=\"900\" height=\"506\" src=\"https:\/\/interterra.es\/wp-content\/uploads\/2024\/07\/1697663267072-1024x576.jpeg\" class=\"attachment-large size-large wp-image-8413\" alt=\"\" srcset=\"https:\/\/interterra.es\/wp-content\/uploads\/2024\/07\/1697663267072-1024x576.jpeg 1024w, https:\/\/interterra.es\/wp-content\/uploads\/2024\/07\/1697663267072-300x169.jpeg 300w, https:\/\/interterra.es\/wp-content\/uploads\/2024\/07\/1697663267072-768x432.jpeg 768w, https:\/\/interterra.es\/wp-content\/uploads\/2024\/07\/1697663267072-600x338.jpeg 600w, https:\/\/interterra.es\/wp-content\/uploads\/2024\/07\/1697663267072-850x478.jpeg 850w, https:\/\/interterra.es\/wp-content\/uploads\/2024\/07\/1697663267072.jpeg 1200w\" sizes=\"(max-width: 900px) 100vw, 900px\" \/>\t\t\t\t\t\t\t\t\t\t\t\t\t<\/div>\n\t\t\t\t<\/div>\n\t\t\t\t<div class=\"elementor-element elementor-element-3d41dd5 elementor-widget elementor-widget-image\" data-id=\"3d41dd5\" data-element_type=\"widget\" data-widget_type=\"image.default\">\n\t\t\t\t<div class=\"elementor-widget-container\">\n\t\t\t\t\t\t\t\t\t\t\t\t\t<img decoding=\"async\" width=\"900\" height=\"399\" src=\"https:\/\/interterra.es\/wp-content\/uploads\/2024\/07\/1697663268589-1024x454.jpeg\" class=\"attachment-large size-large wp-image-8414\" alt=\"\" srcset=\"https:\/\/interterra.es\/wp-content\/uploads\/2024\/07\/1697663268589-1024x454.jpeg 1024w, https:\/\/interterra.es\/wp-content\/uploads\/2024\/07\/1697663268589-300x133.jpeg 300w, https:\/\/interterra.es\/wp-content\/uploads\/2024\/07\/1697663268589-768x341.jpeg 768w, https:\/\/interterra.es\/wp-content\/uploads\/2024\/07\/1697663268589-1536x681.jpeg 1536w, https:\/\/interterra.es\/wp-content\/uploads\/2024\/07\/1697663268589-600x266.jpeg 600w, https:\/\/interterra.es\/wp-content\/uploads\/2024\/07\/1697663268589-850x377.jpeg 850w, https:\/\/interterra.es\/wp-content\/uploads\/2024\/07\/1697663268589.jpeg 2048w\" sizes=\"(max-width: 900px) 100vw, 900px\" \/>\t\t\t\t\t\t\t\t\t\t\t\t\t<\/div>\n\t\t\t\t<\/div>\n\t\t\t\t<\/div>\n\t\t<div class=\"elementor-element elementor-element-365d7d5 e-con-full e-flex e-con e-child\" data-id=\"365d7d5\" data-element_type=\"container\">\n\t\t\t\t<div class=\"elementor-element elementor-element-fcd24b4 elementor-widget elementor-widget-image\" data-id=\"fcd24b4\" data-element_type=\"widget\" data-widget_type=\"image.default\">\n\t\t\t\t<div class=\"elementor-widget-container\">\n\t\t\t\t\t\t\t\t\t\t\t\t\t<img loading=\"lazy\" decoding=\"async\" width=\"591\" height=\"1024\" src=\"https:\/\/interterra.es\/wp-content\/uploads\/2024\/07\/1697663269032-591x1024.jpeg\" class=\"attachment-large size-large wp-image-8415\" alt=\"\" srcset=\"https:\/\/interterra.es\/wp-content\/uploads\/2024\/07\/1697663269032-591x1024.jpeg 591w, https:\/\/interterra.es\/wp-content\/uploads\/2024\/07\/1697663269032-173x300.jpeg 173w, https:\/\/interterra.es\/wp-content\/uploads\/2024\/07\/1697663269032-768x1330.jpeg 768w, https:\/\/interterra.es\/wp-content\/uploads\/2024\/07\/1697663269032-887x1536.jpeg 887w, https:\/\/interterra.es\/wp-content\/uploads\/2024\/07\/1697663269032-1182x2048.jpeg 1182w, https:\/\/interterra.es\/wp-content\/uploads\/2024\/07\/1697663269032-600x1039.jpeg 600w, https:\/\/interterra.es\/wp-content\/uploads\/2024\/07\/1697663269032-850x1472.jpeg 850w, https:\/\/interterra.es\/wp-content\/uploads\/2024\/07\/1697663269032.jpeg 1280w\" sizes=\"(max-width: 591px) 100vw, 591px\" \/>\t\t\t\t\t\t\t\t\t\t\t\t\t<\/div>\n\t\t\t\t<\/div>\n\t\t\t\t<\/div>\n\t\t\t\t\t<\/div>\n\t\t\t\t<\/div>\n\t\t<div class=\"elementor-element elementor-element-3fdae31 e-flex e-con-boxed e-con e-parent\" data-id=\"3fdae31\" data-element_type=\"container\">\n\t\t\t\t\t<div class=\"e-con-inner\">\n\t\t\t\t<div class=\"elementor-element elementor-element-2b4c1ef elementor-widget elementor-widget-text-editor\" data-id=\"2b4c1ef\" data-element_type=\"widget\" data-widget_type=\"text-editor.default\">\n\t\t\t\t<div class=\"elementor-widget-container\">\n\t\t\t\t\t\t\t<p>This award adds Guill\u00e9n and Acesur to a list of companies whose very mention is proof of the quality of the award and the strength of Andalusian agriculture: Ebro Foods, Gonz\u00e1lez Byass, Ybarra, Covap, La Uni\u00f3n, S\u00e1nchez Romero Carvajal, Dcoop and SAT Royal.<br \/><br \/><strong>GRUPO MEDINA congratulates Juan Ram\u00f3n Guill\u00e9n and the whole Acesur family for this well-deserved award.<\/strong><\/p>\n<p>\u00a0<\/p>\t\t\t\t\t\t<\/div>\n\t\t\t\t<\/div>\n\t\t\t\t<div class=\"elementor-element elementor-element-a47241d elementor-widget elementor-widget-text-editor\" data-id=\"a47241d\" data-element_type=\"widget\" data-widget_type=\"text-editor.default\">\n\t\t\t\t<div class=\"elementor-widget-container\">\n\t\t\t\t\t\t\t<p>You can find out more on:<br \/><br \/><a href=\"https:\/\/lnkd.in\/d4APwCiT\"><strong>https:\/\/lnkd.in\/d4APwCiT<\/strong><\/a><\/p>\n<p><a href=\"https:\/\/lnkd.in\/dwDBJJmw\" target=\"_blank\" rel=\"noopener\"><strong>https:\/\/lnkd.in\/dwDBJJmw<\/strong><\/a><\/p>\n<p>\u00a0<\/p>\t\t\t\t\t\t<\/div>\n\t\t\t\t<\/div>\n\t\t\t\t\t<\/div>\n\t\t\t\t<\/div>\n\t\t\t\t<\/div>\n\t\t","protected":false},"excerpt":{"rendered":"<p>Grupo Medina&#8217;s fruits were present at the 9th edition of the AGRO-FOOD INNOVATION AWARD OF BANCO SANTANDER AND GRUPO JOLY which was presented to Mr. Juan Ram\u00f3n Guill\u00e9n, founder of Acesur. This award adds Guill\u00e9n and Acesur to a list of companies whose very mention is proof of the quality of the award and the [&hellip;]<\/p>\n","protected":false},"author":2,"featured_media":8412,"comment_status":"closed","ping_status":"closed","sticky":false,"template":"","format":"standard","meta":{"footnotes":""},"categories":[149,113,1],"tags":[139,136,140],"class_list":["post-8481","post","type-post","status-publish","format-standard","has-post-thumbnail","hentry","category-premios-en","category-eventos-en","category-interterra_en","tag-grupo-joly-en","tag-premio-en","tag-premio-innovacion-agroalimentaria-en"],"_links":{"self":[{"href":"https:\/\/interterra.es\/en\/wp-json\/wp\/v2\/posts\/8481","targetHints":{"allow":["GET"]}}],"collection":[{"href":"https:\/\/interterra.es\/en\/wp-json\/wp\/v2\/posts"}],"about":[{"href":"https:\/\/interterra.es\/en\/wp-json\/wp\/v2\/types\/post"}],"author":[{"embeddable":true,"href":"https:\/\/interterra.es\/en\/wp-json\/wp\/v2\/users\/2"}],"replies":[{"embeddable":true,"href":"https:\/\/interterra.es\/en\/wp-json\/wp\/v2\/comments?post=8481"}],"version-history":[{"count":0,"href":"https:\/\/interterra.es\/en\/wp-json\/wp\/v2\/posts\/8481\/revisions"}],"wp:featuredmedia":[{"embeddable":true,"href":"https:\/\/interterra.es\/en\/wp-json\/wp\/v2\/media\/8412"}],"wp:attachment":[{"href":"https:\/\/interterra.es\/en\/wp-json\/wp\/v2\/media?parent=8481"}],"wp:term":[{"taxonomy":"category","embeddable":true,"href":"https:\/\/interterra.es\/en\/wp-json\/wp\/v2\/categories?post=8481"},{"taxonomy":"post_tag","embeddable":true,"href":"https:\/\/interterra.es\/en\/wp-json\/wp\/v2\/tags?post=8481"}],"curies":[{"name":"wp","href":"https:\/\/api.w.org\/{rel}","templated":true}]}}